{"id":3162,"date":"2021-04-01T13:21:21","date_gmt":"2021-04-01T11:21:21","guid":{"rendered":"https:\/\/campingdeplessac.fr\/3084\/"},"modified":"2021-04-28T16:06:01","modified_gmt":"2021-04-28T14:06:01","slug":"closure-of-the-campsite","status":"publish","type":"post","link":"https:\/\/campingdeplessac.fr\/en\/closure-of-the-campsite\/","title":{"rendered":"Closure of the campsite"},"content":{"rendered":"\n<style type=\"text\/css\" data-created_by=\"avia_inline_auto\" id=\"style-css-av-437x4s-793ccb48de668e122afd754efa81cf4b\">\n.flex_column.av-437x4s-793ccb48de668e122afd754efa81cf4b{\nborder-radius:0px 0px 0px 0px;\npadding:0px 0px 0px 0px;\n}\n<\/style>\n<div  class='flex_column av-437x4s-793ccb48de668e122afd754efa81cf4b av_one_full  avia-builder-el-0  avia-builder-el-no-sibling  first flex_column_div av-zero-column-padding  '     ><section  class='av_textblock_section av-kmysec62-33682803ba4f05909a0e4941baed7d53 '   itemscope=\"itemscope\" itemtype=\"https:\/\/schema.org\/BlogPosting\" itemprop=\"blogPost\" ><div class='avia_textblock'  itemprop=\"text\" ><p>We inform you that following the announcements of March 31, 2021, the campsite will not be able to open its doors on Saturday April 3 for a minimum period of 4 weeks.<\/p>\n<p>We are sincerely sorry about this situation but we hope to see you back very soon. Good luck everyone and see you soon. The entire Camping Paradis Les Etangs de Plessac team<\/p>\n<\/div><\/section><\/div>\n","protected":false},"excerpt":{"rendered":"","protected":false},"author":2,"featured_media":3064,"comment_status":"closed","ping_status":"closed","sticky":false,"template":"","format":"standard","meta":{"footnotes":""},"categories":[21],"tags":[],"class_list":["post-3162","post","type-post","status-publish","format-standard","has-post-thumbnail","hentry","category-info-news"],"yoast_head":"<!-- This site is optimized with the Yoast SEO plugin v27.2 - https:\/\/yoast.com\/product\/yoast-seo-wordpress\/ -->\n<title>Closure of the campsite - Camping Paradis Les \u00c9tangs de Plessac<\/title>\n<meta name=\"robots\" content=\"index, follow, max-snippet:-1, max-image-preview:large, max-video-preview:-1\" \/>\n<link rel=\"canonical\" href=\"https:\/\/campingdeplessac.fr\/en\/closure-of-the-campsite\/\" \/>\n<meta property=\"og:locale\" content=\"en_US\" \/>\n<meta property=\"og:type\" content=\"article\" \/>\n<meta property=\"og:title\" content=\"Closure of the campsite - Camping Paradis Les \u00c9tangs de Plessac\" \/>\n<meta property=\"og:url\" content=\"https:\/\/campingdeplessac.fr\/en\/closure-of-the-campsite\/\" \/>\n<meta property=\"og:site_name\" content=\"Camping Paradis Les \u00c9tangs de Plessac\" \/>\n<meta property=\"article:published_time\" content=\"2021-04-01T11:21:21+00:00\" \/>\n<meta property=\"article:modified_time\" content=\"2021-04-28T14:06:01+00:00\" \/>\n<meta property=\"og:image\" content=\"https:\/\/campingdeplessac.fr\/wp-content\/uploads\/2021\/02\/3-scenographie-camping-etangs-de-plessac-1030x773.jpg\" \/>\n\t<meta property=\"og:image:width\" content=\"1030\" \/>\n\t<meta property=\"og:image:height\" content=\"773\" \/>\n\t<meta property=\"og:image:type\" content=\"image\/jpeg\" \/>\n<meta name=\"author\" content=\"Les Etangs de Plessac\" \/>\n<meta name=\"twitter:card\" content=\"summary_large_image\" \/>\n<meta name=\"twitter:creator\" content=\"@i-dordogne\" \/>\n<meta name=\"twitter:label1\" content=\"Written by\" \/>\n\t<meta name=\"twitter:data1\" content=\"Les Etangs de Plessac\" \/>\n\t<meta name=\"twitter:label2\" content=\"Est. reading time\" \/>\n\t<meta name=\"twitter:data2\" content=\"1 minute\" \/>\n<script type=\"application\/ld+json\" class=\"yoast-schema-graph\">{\"@context\":\"https:\/\/schema.org\",\"@graph\":[{\"@type\":\"Article\",\"@id\":\"https:\/\/campingdeplessac.fr\/en\/closure-of-the-campsite\/#article\",\"isPartOf\":{\"@id\":\"https:\/\/campingdeplessac.fr\/en\/closure-of-the-campsite\/\"},\"author\":{\"name\":\"Les Etangs de Plessac\",\"@id\":\"https:\/\/campingdeplessac.fr\/#\/schema\/person\/ff665f1ff066609973619125b0133ba5\"},\"headline\":\"Closure of the campsite\",\"datePublished\":\"2021-04-01T11:21:21+00:00\",\"dateModified\":\"2021-04-28T14:06:01+00:00\",\"mainEntityOfPage\":{\"@id\":\"https:\/\/campingdeplessac.fr\/en\/closure-of-the-campsite\/\"},\"wordCount\":181,\"publisher\":{\"@id\":\"https:\/\/campingdeplessac.fr\/#organization\"},\"image\":{\"@id\":\"https:\/\/campingdeplessac.fr\/en\/closure-of-the-campsite\/#primaryimage\"},\"thumbnailUrl\":\"https:\/\/campingdeplessac.fr\/wp-content\/uploads\/2021\/02\/3-scenographie-camping-etangs-de-plessac-scaled.jpg\",\"articleSection\":[\"Info-News\"],\"inLanguage\":\"en-US\"},{\"@type\":\"WebPage\",\"@id\":\"https:\/\/campingdeplessac.fr\/en\/closure-of-the-campsite\/\",\"url\":\"https:\/\/campingdeplessac.fr\/en\/closure-of-the-campsite\/\",\"name\":\"Closure of the campsite - Camping Paradis Les \u00c9tangs de Plessac\",\"isPartOf\":{\"@id\":\"https:\/\/campingdeplessac.fr\/#website\"},\"primaryImageOfPage\":{\"@id\":\"https:\/\/campingdeplessac.fr\/en\/closure-of-the-campsite\/#primaryimage\"},\"image\":{\"@id\":\"https:\/\/campingdeplessac.fr\/en\/closure-of-the-campsite\/#primaryimage\"},\"thumbnailUrl\":\"https:\/\/campingdeplessac.fr\/wp-content\/uploads\/2021\/02\/3-scenographie-camping-etangs-de-plessac-scaled.jpg\",\"datePublished\":\"2021-04-01T11:21:21+00:00\",\"dateModified\":\"2021-04-28T14:06:01+00:00\",\"breadcrumb\":{\"@id\":\"https:\/\/campingdeplessac.fr\/en\/closure-of-the-campsite\/#breadcrumb\"},\"inLanguage\":\"en-US\",\"potentialAction\":[{\"@type\":\"ReadAction\",\"target\":[\"https:\/\/campingdeplessac.fr\/en\/closure-of-the-campsite\/\"]}]},{\"@type\":\"ImageObject\",\"inLanguage\":\"en-US\",\"@id\":\"https:\/\/campingdeplessac.fr\/en\/closure-of-the-campsite\/#primaryimage\",\"url\":\"https:\/\/campingdeplessac.fr\/wp-content\/uploads\/2021\/02\/3-scenographie-camping-etangs-de-plessac-scaled.jpg\",\"contentUrl\":\"https:\/\/campingdeplessac.fr\/wp-content\/uploads\/2021\/02\/3-scenographie-camping-etangs-de-plessac-scaled.jpg\",\"width\":2560,\"height\":1920},{\"@type\":\"BreadcrumbList\",\"@id\":\"https:\/\/campingdeplessac.fr\/en\/closure-of-the-campsite\/#breadcrumb\",\"itemListElement\":[{\"@type\":\"ListItem\",\"position\":1,\"name\":\"Accueil\",\"item\":\"https:\/\/campingdeplessac.fr\/en\/\"},{\"@type\":\"ListItem\",\"position\":2,\"name\":\"Closure of the campsite\"}]},{\"@type\":\"WebSite\",\"@id\":\"https:\/\/campingdeplessac.fr\/#website\",\"url\":\"https:\/\/campingdeplessac.fr\/\",\"name\":\"Camping Paradis Les \u00c9tangs de Plessac\",\"description\":\"Camping en Dordogne P\u00e9rigord pr\u00e8s de Brant\u00f4me\",\"publisher\":{\"@id\":\"https:\/\/campingdeplessac.fr\/#organization\"},\"potentialAction\":[{\"@type\":\"SearchAction\",\"target\":{\"@type\":\"EntryPoint\",\"urlTemplate\":\"https:\/\/campingdeplessac.fr\/?s={search_term_string}\"},\"query-input\":{\"@type\":\"PropertyValueSpecification\",\"valueRequired\":true,\"valueName\":\"search_term_string\"}}],\"inLanguage\":\"en-US\"},{\"@type\":\"Organization\",\"@id\":\"https:\/\/campingdeplessac.fr\/#organization\",\"name\":\"Camping Paradis Les \u00c9tangs de Plessac\",\"url\":\"https:\/\/campingdeplessac.fr\/\",\"logo\":{\"@type\":\"ImageObject\",\"inLanguage\":\"en-US\",\"@id\":\"https:\/\/campingdeplessac.fr\/#\/schema\/logo\/image\/\",\"url\":\"https:\/\/campingdeplessac.fr\/wp-content\/uploads\/2020\/12\/logo-200x140px.png\",\"contentUrl\":\"https:\/\/campingdeplessac.fr\/wp-content\/uploads\/2020\/12\/logo-200x140px.png\",\"width\":200,\"height\":140,\"caption\":\"Camping Paradis Les \u00c9tangs de Plessac\"},\"image\":{\"@id\":\"https:\/\/campingdeplessac.fr\/#\/schema\/logo\/image\/\"}},{\"@type\":\"Person\",\"@id\":\"https:\/\/campingdeplessac.fr\/#\/schema\/person\/ff665f1ff066609973619125b0133ba5\",\"name\":\"Les Etangs de Plessac\",\"image\":{\"@type\":\"ImageObject\",\"inLanguage\":\"en-US\",\"@id\":\"https:\/\/secure.gravatar.com\/avatar\/28ffd6f864c8aa24cc7a6548758a96c28e9c44499f8e24d06080a0a873fd6f5d?s=96&d=mm&r=g\",\"url\":\"https:\/\/secure.gravatar.com\/avatar\/28ffd6f864c8aa24cc7a6548758a96c28e9c44499f8e24d06080a0a873fd6f5d?s=96&d=mm&r=g\",\"contentUrl\":\"https:\/\/secure.gravatar.com\/avatar\/28ffd6f864c8aa24cc7a6548758a96c28e9c44499f8e24d06080a0a873fd6f5d?s=96&d=mm&r=g\",\"caption\":\"Les Etangs de Plessac\"},\"sameAs\":[\"https:\/\/x.com\/i-dordogne\"],\"url\":\"https:\/\/campingdeplessac.fr\/en\/\"}]}<\/script>\n<!-- \/ Yoast SEO plugin. -->","yoast_head_json":{"title":"Closure of the campsite - Camping Paradis Les \u00c9tangs de Plessac","robots":{"index":"index","follow":"follow","max-snippet":"max-snippet:-1","max-image-preview":"max-image-preview:large","max-video-preview":"max-video-preview:-1"},"canonical":"https:\/\/campingdeplessac.fr\/en\/closure-of-the-campsite\/","og_locale":"en_US","og_type":"article","og_title":"Closure of the campsite - Camping Paradis Les \u00c9tangs de Plessac","og_url":"https:\/\/campingdeplessac.fr\/en\/closure-of-the-campsite\/","og_site_name":"Camping Paradis Les \u00c9tangs de Plessac","article_published_time":"2021-04-01T11:21:21+00:00","article_modified_time":"2021-04-28T14:06:01+00:00","og_image":[{"width":1030,"height":773,"url":"https:\/\/campingdeplessac.fr\/wp-content\/uploads\/2021\/02\/3-scenographie-camping-etangs-de-plessac-1030x773.jpg","type":"image\/jpeg"}],"author":"Les Etangs de Plessac","twitter_card":"summary_large_image","twitter_creator":"@i-dordogne","twitter_misc":{"Written by":"Les Etangs de Plessac","Est. reading time":"1 minute"},"schema":{"@context":"https:\/\/schema.org","@graph":[{"@type":"Article","@id":"https:\/\/campingdeplessac.fr\/en\/closure-of-the-campsite\/#article","isPartOf":{"@id":"https:\/\/campingdeplessac.fr\/en\/closure-of-the-campsite\/"},"author":{"name":"Les Etangs de Plessac","@id":"https:\/\/campingdeplessac.fr\/#\/schema\/person\/ff665f1ff066609973619125b0133ba5"},"headline":"Closure of the campsite","datePublished":"2021-04-01T11:21:21+00:00","dateModified":"2021-04-28T14:06:01+00:00","mainEntityOfPage":{"@id":"https:\/\/campingdeplessac.fr\/en\/closure-of-the-campsite\/"},"wordCount":181,"publisher":{"@id":"https:\/\/campingdeplessac.fr\/#organization"},"image":{"@id":"https:\/\/campingdeplessac.fr\/en\/closure-of-the-campsite\/#primaryimage"},"thumbnailUrl":"https:\/\/campingdeplessac.fr\/wp-content\/uploads\/2021\/02\/3-scenographie-camping-etangs-de-plessac-scaled.jpg","articleSection":["Info-News"],"inLanguage":"en-US"},{"@type":"WebPage","@id":"https:\/\/campingdeplessac.fr\/en\/closure-of-the-campsite\/","url":"https:\/\/campingdeplessac.fr\/en\/closure-of-the-campsite\/","name":"Closure of the campsite - Camping Paradis Les \u00c9tangs de Plessac","isPartOf":{"@id":"https:\/\/campingdeplessac.fr\/#website"},"primaryImageOfPage":{"@id":"https:\/\/campingdeplessac.fr\/en\/closure-of-the-campsite\/#primaryimage"},"image":{"@id":"https:\/\/campingdeplessac.fr\/en\/closure-of-the-campsite\/#primaryimage"},"thumbnailUrl":"https:\/\/campingdeplessac.fr\/wp-content\/uploads\/2021\/02\/3-scenographie-camping-etangs-de-plessac-scaled.jpg","datePublished":"2021-04-01T11:21:21+00:00","dateModified":"2021-04-28T14:06:01+00:00","breadcrumb":{"@id":"https:\/\/campingdeplessac.fr\/en\/closure-of-the-campsite\/#breadcrumb"},"inLanguage":"en-US","potentialAction":[{"@type":"ReadAction","target":["https:\/\/campingdeplessac.fr\/en\/closure-of-the-campsite\/"]}]},{"@type":"ImageObject","inLanguage":"en-US","@id":"https:\/\/campingdeplessac.fr\/en\/closure-of-the-campsite\/#primaryimage","url":"https:\/\/campingdeplessac.fr\/wp-content\/uploads\/2021\/02\/3-scenographie-camping-etangs-de-plessac-scaled.jpg","contentUrl":"https:\/\/campingdeplessac.fr\/wp-content\/uploads\/2021\/02\/3-scenographie-camping-etangs-de-plessac-scaled.jpg","width":2560,"height":1920},{"@type":"BreadcrumbList","@id":"https:\/\/campingdeplessac.fr\/en\/closure-of-the-campsite\/#breadcrumb","itemListElement":[{"@type":"ListItem","position":1,"name":"Accueil","item":"https:\/\/campingdeplessac.fr\/en\/"},{"@type":"ListItem","position":2,"name":"Closure of the campsite"}]},{"@type":"WebSite","@id":"https:\/\/campingdeplessac.fr\/#website","url":"https:\/\/campingdeplessac.fr\/","name":"Camping Paradis Les \u00c9tangs de Plessac","description":"Camping en Dordogne P\u00e9rigord pr\u00e8s de Brant\u00f4me","publisher":{"@id":"https:\/\/campingdeplessac.fr\/#organization"},"potentialAction":[{"@type":"SearchAction","target":{"@type":"EntryPoint","urlTemplate":"https:\/\/campingdeplessac.fr\/?s={search_term_string}"},"query-input":{"@type":"PropertyValueSpecification","valueRequired":true,"valueName":"search_term_string"}}],"inLanguage":"en-US"},{"@type":"Organization","@id":"https:\/\/campingdeplessac.fr\/#organization","name":"Camping Paradis Les \u00c9tangs de Plessac","url":"https:\/\/campingdeplessac.fr\/","logo":{"@type":"ImageObject","inLanguage":"en-US","@id":"https:\/\/campingdeplessac.fr\/#\/schema\/logo\/image\/","url":"https:\/\/campingdeplessac.fr\/wp-content\/uploads\/2020\/12\/logo-200x140px.png","contentUrl":"https:\/\/campingdeplessac.fr\/wp-content\/uploads\/2020\/12\/logo-200x140px.png","width":200,"height":140,"caption":"Camping Paradis Les \u00c9tangs de Plessac"},"image":{"@id":"https:\/\/campingdeplessac.fr\/#\/schema\/logo\/image\/"}},{"@type":"Person","@id":"https:\/\/campingdeplessac.fr\/#\/schema\/person\/ff665f1ff066609973619125b0133ba5","name":"Les Etangs de Plessac","image":{"@type":"ImageObject","inLanguage":"en-US","@id":"https:\/\/secure.gravatar.com\/avatar\/28ffd6f864c8aa24cc7a6548758a96c28e9c44499f8e24d06080a0a873fd6f5d?s=96&d=mm&r=g","url":"https:\/\/secure.gravatar.com\/avatar\/28ffd6f864c8aa24cc7a6548758a96c28e9c44499f8e24d06080a0a873fd6f5d?s=96&d=mm&r=g","contentUrl":"https:\/\/secure.gravatar.com\/avatar\/28ffd6f864c8aa24cc7a6548758a96c28e9c44499f8e24d06080a0a873fd6f5d?s=96&d=mm&r=g","caption":"Les Etangs de Plessac"},"sameAs":["https:\/\/x.com\/i-dordogne"],"url":"https:\/\/campingdeplessac.fr\/en\/"}]}},"_links":{"self":[{"href":"https:\/\/campingdeplessac.fr\/en\/wp-json\/wp\/v2\/posts\/3162","targetHints":{"allow":["GET"]}}],"collection":[{"href":"https:\/\/campingdeplessac.fr\/en\/wp-json\/wp\/v2\/posts"}],"about":[{"href":"https:\/\/campingdeplessac.fr\/en\/wp-json\/wp\/v2\/types\/post"}],"author":[{"embeddable":true,"href":"https:\/\/campingdeplessac.fr\/en\/wp-json\/wp\/v2\/users\/2"}],"replies":[{"embeddable":true,"href":"https:\/\/campingdeplessac.fr\/en\/wp-json\/wp\/v2\/comments?post=3162"}],"version-history":[{"count":0,"href":"https:\/\/campingdeplessac.fr\/en\/wp-json\/wp\/v2\/posts\/3162\/revisions"}],"wp:featuredmedia":[{"embeddable":true,"href":"https:\/\/campingdeplessac.fr\/en\/wp-json\/wp\/v2\/media\/3064"}],"wp:attachment":[{"href":"https:\/\/campingdeplessac.fr\/en\/wp-json\/wp\/v2\/media?parent=3162"}],"wp:term":[{"taxonomy":"category","embeddable":true,"href":"https:\/\/campingdeplessac.fr\/en\/wp-json\/wp\/v2\/categories?post=3162"},{"taxonomy":"post_tag","embeddable":true,"href":"https:\/\/campingdeplessac.fr\/en\/wp-json\/wp\/v2\/tags?post=3162"}],"curies":[{"name":"wp","href":"https:\/\/api.w.org\/{rel}","templated":true}]}}