{"id":2798,"date":"2020-12-18T16:41:26","date_gmt":"2020-12-18T15:41:26","guid":{"rendered":"https:\/\/campingdeplessac.fr\/2020\/12\/18\/test-article-3\/"},"modified":"2020-12-24T09:54:19","modified_gmt":"2020-12-24T08:54:19","slug":"program-for-the-concerts-2021","status":"publish","type":"post","link":"https:\/\/campingdeplessac.fr\/en\/program-for-the-concerts-2021\/","title":{"rendered":"Program for the concerts 2021"},"content":{"rendered":"\n<style type=\"text\/css\" data-created_by=\"avia_inline_auto\" id=\"style-css-av-kiuhz31r-1cdb1b9d2a91e013ec3ab640476a583f\">\n.avia-image-container.av-kiuhz31r-1cdb1b9d2a91e013ec3ab640476a583f img.avia_image{\nbox-shadow:none;\n}\n.avia-image-container.av-kiuhz31r-1cdb1b9d2a91e013ec3ab640476a583f .av-image-caption-overlay-center{\ncolor:#ffffff;\n}\n<\/style>\n<div  class='avia-image-container av-kiuhz31r-1cdb1b9d2a91e013ec3ab640476a583f av-styling- avia-align-center  avia-builder-el-0  el_before_av_textblock  avia-builder-el-first '   itemprop=\"image\" itemscope=\"itemscope\" itemtype=\"https:\/\/schema.org\/ImageObject\" ><div class=\"avia-image-container-inner\"><div class=\"avia-image-overlay-wrap\"><img decoding=\"async\" fetchpriority=\"high\" class='wp-image-2796 avia-img-lazy-loading-not-2796 avia_image ' src=\"https:\/\/campingdeplessac.fr\/wp-content\/uploads\/2020\/12\/infos-news-02.jpg\" alt='' title='infos-news-02'  height=\"800\" width=\"1200\"  itemprop=\"thumbnailUrl\" srcset=\"https:\/\/campingdeplessac.fr\/wp-content\/uploads\/2020\/12\/infos-news-02.jpg 1200w, https:\/\/campingdeplessac.fr\/wp-content\/uploads\/2020\/12\/infos-news-02-300x200.jpg 300w, https:\/\/campingdeplessac.fr\/wp-content\/uploads\/2020\/12\/infos-news-02-1030x687.jpg 1030w, https:\/\/campingdeplessac.fr\/wp-content\/uploads\/2020\/12\/infos-news-02-768x512.jpg 768w, https:\/\/campingdeplessac.fr\/wp-content\/uploads\/2020\/12\/infos-news-02-705x470.jpg 705w\" sizes=\"(max-width: 1200px) 100vw, 1200px\" \/><\/div><\/div><\/div>\n\n<style type=\"text\/css\" data-created_by=\"avia_inline_auto\" id=\"style-css-av-kiuhhafq-5074b245341c1620c8d4b3fcca111051\">\n#top .av_textblock_section.av-kiuhhafq-5074b245341c1620c8d4b3fcca111051 .avia_textblock{\nfont-size:22px;\n}\n<\/style>\n<section  class='av_textblock_section av-kiuhhafq-5074b245341c1620c8d4b3fcca111051 '   itemscope=\"itemscope\" itemtype=\"https:\/\/schema.org\/BlogPosting\" itemprop=\"blogPost\" ><div class='avia_textblock'  itemprop=\"text\" ><p>Animated evenings with concerts and themed meals are organized every Wednesday in low season and every Wednesday and Sunday evening in high season.<\/p>\n<h3>The dates 2021 are already scheduled:<\/h3>\n<\/div><\/section>\n\n<style type=\"text\/css\" data-created_by=\"avia_inline_auto\" id=\"style-css-av-7g16na-8ec5439e4a6a41828b97ec839abe8060\">\n.flex_column.av-7g16na-8ec5439e4a6a41828b97ec839abe8060{\nborder-radius:0px 0px 0px 0px;\npadding:0px 0px 0px 0px;\n}\n<\/style>\n<div  class='flex_column av-7g16na-8ec5439e4a6a41828b97ec839abe8060 av_one_half  avia-builder-el-2  el_after_av_textblock  el_before_av_one_half  first flex_column_div av-zero-column-padding  column-top-margin'     ><section  class='av_textblock_section av-kiuhgfs4-2f82374edfe14a16105b3d6ee2461a45 '   itemscope=\"itemscope\" itemtype=\"https:\/\/schema.org\/BlogPosting\" itemprop=\"blogPost\" ><div class='avia_textblock'  itemprop=\"text\" ><h4>PATRICK<\/h4>\n<p><a href=\"https:\/\/campingdeplessac.fr\/wp-content\/uploads\/2020\/12\/patrick.jpg\"><img loading=\"lazy\" decoding=\"async\" class=\"alignnone size-full wp-image-2385\" src=\"https:\/\/campingdeplessac.fr\/wp-content\/uploads\/2020\/12\/patrick.jpg\" alt=\"\" width=\"320\" height=\"180\" srcset=\"https:\/\/campingdeplessac.fr\/wp-content\/uploads\/2020\/12\/patrick.jpg 320w, https:\/\/campingdeplessac.fr\/wp-content\/uploads\/2020\/12\/patrick-300x169.jpg 300w\" sizes=\"auto, (max-width: 320px) 100vw, 320px\" \/><\/a><\/p>\n<ul>\n<li>Wednesdays April 14 and 28<\/li>\n<li>Wednesdays 12 and 23 May<\/li>\n<li>Wednesdays 9, 19 and 30 June<\/li>\n<li>Wednesdays July 13 and 28<\/li>\n<li>Wednesdays August 4 and 11 with T\u00e9o and August 25<\/li>\n<li>Wednesdays 8 and 22 September<\/li>\n<\/ul>\n<\/div><\/section><\/div>\n<style type=\"text\/css\" data-created_by=\"avia_inline_auto\" id=\"style-css-av-n2dsm-d2559706978ce7293ceb28f1c765e5fc\">\n.flex_column.av-n2dsm-d2559706978ce7293ceb28f1c765e5fc{\nborder-radius:0px 0px 0px 0px;\npadding:0px 0px 0px 0px;\n}\n<\/style>\n<div  class='flex_column av-n2dsm-d2559706978ce7293ceb28f1c765e5fc av_one_half  avia-builder-el-4  el_after_av_one_half  el_before_av_one_half  flex_column_div av-zero-column-padding  column-top-margin'     ><section  class='av_textblock_section av-kiuhgt9o-f010c5b4fdd202f5c2f5991c568639ef '   itemscope=\"itemscope\" itemtype=\"https:\/\/schema.org\/BlogPosting\" itemprop=\"blogPost\" ><div class='avia_textblock'  itemprop=\"text\" ><h4>ALAIN VICCENTE<\/h4>\n<p><a href=\"https:\/\/campingdeplessac.fr\/wp-content\/uploads\/2020\/12\/alain-interieur.jpg\"><img loading=\"lazy\" decoding=\"async\" class=\"alignnone size-full wp-image-2386\" src=\"https:\/\/campingdeplessac.fr\/wp-content\/uploads\/2020\/12\/alain-interieur.jpg\" alt=\"\" width=\"320\" height=\"180\" srcset=\"https:\/\/campingdeplessac.fr\/wp-content\/uploads\/2020\/12\/alain-interieur.jpg 320w, https:\/\/campingdeplessac.fr\/wp-content\/uploads\/2020\/12\/alain-interieur-300x169.jpg 300w\" sizes=\"auto, (max-width: 320px) 100vw, 320px\" \/><\/a><\/p>\n<ul>\n<li>Wednesday April 21<\/li>\n<li>Wednesdays 5 and 19 May<\/li>\n<li>Wednesdays June 2, 16 and 19<\/li>\n<li>Sunday July 18<\/li>\n<li>Sundays 1, 8 and 22 August<\/li>\n<li>Wednesdays 1 and 15 September<\/li>\n<\/ul>\n<\/div><\/section><\/div>\n<style type=\"text\/css\" data-created_by=\"avia_inline_auto\" id=\"style-css-av-7g16na-8ec5439e4a6a41828b97ec839abe8060\">\n.flex_column.av-7g16na-8ec5439e4a6a41828b97ec839abe8060{\nborder-radius:0px 0px 0px 0px;\npadding:0px 0px 0px 0px;\n}\n<\/style>\n<div  class='flex_column av-7g16na-8ec5439e4a6a41828b97ec839abe8060 av_one_half  avia-builder-el-6  el_after_av_one_half  el_before_av_one_half  first flex_column_div av-zero-column-padding  column-top-margin'     ><section  class='av_textblock_section av-kiuhgfs4-2f82374edfe14a16105b3d6ee2461a45 '   itemscope=\"itemscope\" itemtype=\"https:\/\/schema.org\/BlogPosting\" itemprop=\"blogPost\" ><div class='avia_textblock'  itemprop=\"text\" ><h4>MELODY\u2019S<\/h4>\n<p><a href=\"https:\/\/campingdeplessac.fr\/wp-content\/uploads\/2020\/12\/melody-s-vignette.jpg\"><img loading=\"lazy\" decoding=\"async\" class=\"alignnone size-full wp-image-2388\" src=\"https:\/\/campingdeplessac.fr\/wp-content\/uploads\/2020\/12\/melody-s-vignette.jpg\" alt=\"\" width=\"320\" height=\"180\" srcset=\"https:\/\/campingdeplessac.fr\/wp-content\/uploads\/2020\/12\/melody-s-vignette.jpg 320w, https:\/\/campingdeplessac.fr\/wp-content\/uploads\/2020\/12\/melody-s-vignette-300x169.jpg 300w\" sizes=\"auto, (max-width: 320px) 100vw, 320px\" \/><\/a><\/p>\n<ul>\n<li>Wednesdays 7 and 21 July<\/li>\n<li>Wednesday August 18<\/li>\n<\/ul>\n<\/div><\/section><\/div>\n<style type=\"text\/css\" data-created_by=\"avia_inline_auto\" id=\"style-css-av-n2dsm-d2559706978ce7293ceb28f1c765e5fc\">\n.flex_column.av-n2dsm-d2559706978ce7293ceb28f1c765e5fc{\nborder-radius:0px 0px 0px 0px;\npadding:0px 0px 0px 0px;\n}\n<\/style>\n<div  class='flex_column av-n2dsm-d2559706978ce7293ceb28f1c765e5fc av_one_half  avia-builder-el-8  el_after_av_one_half  el_before_av_one_half  flex_column_div av-zero-column-padding  column-top-margin'     ><section  class='av_textblock_section av-kiuhgt9o-f010c5b4fdd202f5c2f5991c568639ef '   itemscope=\"itemscope\" itemtype=\"https:\/\/schema.org\/BlogPosting\" itemprop=\"blogPost\" ><div class='avia_textblock'  itemprop=\"text\" ><h4>MAT\u00c9IS<\/h4>\n<p><a href=\"https:\/\/campingdeplessac.fr\/wp-content\/uploads\/2020\/12\/mateis.jpg\"><img loading=\"lazy\" decoding=\"async\" class=\"alignnone size-full wp-image-2387\" src=\"https:\/\/campingdeplessac.fr\/wp-content\/uploads\/2020\/12\/mateis.jpg\" alt=\"\" width=\"320\" height=\"180\" srcset=\"https:\/\/campingdeplessac.fr\/wp-content\/uploads\/2020\/12\/mateis.jpg 320w, https:\/\/campingdeplessac.fr\/wp-content\/uploads\/2020\/12\/mateis-300x169.jpg 300w\" sizes=\"auto, (max-width: 320px) 100vw, 320px\" \/><\/a><\/p>\n<ul>\n<li>Sundays July 11 and 25<\/li>\n<li>Sunday August 15<\/li>\n<\/ul>\n<\/div><\/section><\/div>\n<style type=\"text\/css\" data-created_by=\"avia_inline_auto\" id=\"style-css-av-7g16na-8ec5439e4a6a41828b97ec839abe8060\">\n.flex_column.av-7g16na-8ec5439e4a6a41828b97ec839abe8060{\nborder-radius:0px 0px 0px 0px;\npadding:0px 0px 0px 0px;\n}\n<\/style>\n<div  class='flex_column av-7g16na-8ec5439e4a6a41828b97ec839abe8060 av_one_half  avia-builder-el-10  el_after_av_one_half  el_before_av_one_half  first flex_column_div av-zero-column-padding  column-top-margin'     ><section  class='av_textblock_section av-kiuhhy0q-581087295abce5e3c7107706a1187bc1 '   itemscope=\"itemscope\" itemtype=\"https:\/\/schema.org\/BlogPosting\" itemprop=\"blogPost\" ><div class='avia_textblock'  itemprop=\"text\" ><blockquote>\n<p>Big event on June 19, we will celebrate the music festival with TEO, PATRICK AND ALAIN VICCENTE to live together a magical and unforgettable moment!<\/p>\n<\/blockquote>\n<\/div><\/section><\/div>\n<style type=\"text\/css\" data-created_by=\"avia_inline_auto\" id=\"style-css-av-7g16na-a46dfc51d4d29b53d280cf7d3aa1dc37\">\n.flex_column.av-7g16na-a46dfc51d4d29b53d280cf7d3aa1dc37{\nborder-radius:0px 0px 0px 0px;\npadding:0px 0px 0px 0px;\n}\n<\/style>\n<div  class='flex_column av-7g16na-a46dfc51d4d29b53d280cf7d3aa1dc37 av_one_half  avia-builder-el-12  el_after_av_one_half  el_before_av_textblock  flex_column_div av-zero-column-padding  column-top-margin'     ><section  class='av_textblock_section av-kiuhhy0q-581087295abce5e3c7107706a1187bc1 '   itemscope=\"itemscope\" itemtype=\"https:\/\/schema.org\/BlogPosting\" itemprop=\"blogPost\" ><div class='avia_textblock'  itemprop=\"text\" ><p><a href=\"https:\/\/campingdeplessac.fr\/wp-content\/uploads\/2020\/12\/teo-et-patrick.jpg\"><img loading=\"lazy\" decoding=\"async\" class=\"alignnone size-full wp-image-2389\" src=\"https:\/\/campingdeplessac.fr\/wp-content\/uploads\/2020\/12\/teo-et-patrick.jpg\" alt=\"\" width=\"320\" height=\"180\" srcset=\"https:\/\/campingdeplessac.fr\/wp-content\/uploads\/2020\/12\/teo-et-patrick.jpg 320w, https:\/\/campingdeplessac.fr\/wp-content\/uploads\/2020\/12\/teo-et-patrick-300x169.jpg 300w\" sizes=\"auto, (max-width: 320px) 100vw, 320px\" \/><\/a><\/p>\n<\/div><\/section><\/div><\/p>\n<section  class='av_textblock_section av-kiuhhy0q-581087295abce5e3c7107706a1187bc1 '   itemscope=\"itemscope\" itemtype=\"https:\/\/schema.org\/BlogPosting\" itemprop=\"blogPost\" ><div class='avia_textblock'  itemprop=\"text\" ><h3>While waiting for some videos of our concerts 2020<\/h3>\n<\/div><\/section>\n\n<style type=\"text\/css\" data-created_by=\"avia_inline_auto\" id=\"style-css-av-4icqrq-431f9be86c7033ac97af171c9fa45487\">\n.flex_column.av-4icqrq-431f9be86c7033ac97af171c9fa45487{\nborder-radius:0px 0px 0px 0px;\npadding:0px 0px 0px 0px;\n}\n<\/style>\n<div  class='flex_column av-4icqrq-431f9be86c7033ac97af171c9fa45487 av_one_half  avia-builder-el-15  el_after_av_textblock  el_before_av_one_half  first flex_column_div av-zero-column-padding  column-top-margin'     ><p><div  class='avia-video av-kiuhjhe8-36ed496fc4cfbae09e169dc230572152 avia-video-16-9 av-no-preview-image avia-video-load-always av-lazyload-immediate av-lazyload-video-embed'  itemprop=\"video\" itemtype=\"https:\/\/schema.org\/VideoObject\"  data-original_url='https:\/\/youtu.be\/pWS0WWXCfys'><script type='text\/html' class='av-video-tmpl'><div class='avia-iframe-wrap'><iframe loading=\"lazy\" title=\"THEO et PATRICK chante ACDC\" width=\"1500\" height=\"844\" src=\"https:\/\/www.youtube.com\/embed\/pWS0WWXCfys?feature=oembed&autoplay=0&loop=0&controls=1&mute=0\" frameborder=\"0\" allow=\"accelerometer; autoplay; clipboard-write; encrypted-media; gyroscope; picture-in-picture\" allowfullscreen><\/iframe><\/div><\/script><div class='av-click-to-play-overlay'><div class=\"avia_playpause_icon\"><\/div><\/div><\/div><br \/>\n<div  class='avia-video av-kiuhjhe8-b0399d805c1e79c078eeee50c44b6c03 avia-video-16-9 av-no-preview-image avia-video-load-always av-lazyload-immediate av-lazyload-video-embed'  itemprop=\"video\" itemtype=\"https:\/\/schema.org\/VideoObject\"  data-original_url='https:\/\/youtu.be\/hKI3pzMEGG0'><script type='text\/html' class='av-video-tmpl'><div class='avia-iframe-wrap'><iframe loading=\"lazy\" title=\"Alain chante Johnny\" width=\"1500\" height=\"844\" src=\"https:\/\/www.youtube.com\/embed\/hKI3pzMEGG0?feature=oembed&autoplay=0&loop=0&controls=1&mute=0\" frameborder=\"0\" allow=\"accelerometer; autoplay; clipboard-write; encrypted-media; gyroscope; picture-in-picture\" allowfullscreen><\/iframe><\/div><\/script><div class='av-click-to-play-overlay'><div class=\"avia_playpause_icon\"><\/div><\/div><\/div><br \/>\n<div  class='avia-video av-kiuhjhe8-503bab02a1e92f6ec6cb58ab357cbaf8 avia-video-16-9 av-no-preview-image avia-video-load-always av-lazyload-immediate av-lazyload-video-embed'  itemprop=\"video\" itemtype=\"https:\/\/schema.org\/VideoObject\"  data-original_url='https:\/\/youtu.be\/KqlsbqNYIWg'><script type='text\/html' class='av-video-tmpl'><div class='avia-iframe-wrap'><iframe loading=\"lazy\" title=\"Patrick et Les Lacs du Connemara mp4\" width=\"1500\" height=\"844\" src=\"https:\/\/www.youtube.com\/embed\/KqlsbqNYIWg?feature=oembed&autoplay=0&loop=0&controls=1&mute=0\" frameborder=\"0\" allow=\"accelerometer; autoplay; clipboard-write; encrypted-media; gyroscope; picture-in-picture\" allowfullscreen><\/iframe><\/div><\/script><div class='av-click-to-play-overlay'><div class=\"avia_playpause_icon\"><\/div><\/div><\/div><br \/>\n<div  class='avia-video av-kiuhjhe8-495c42d7ddaa600833331831f767ab32 avia-video-16-9 av-no-preview-image avia-video-load-always av-lazyload-immediate av-lazyload-video-embed'  itemprop=\"video\" itemtype=\"https:\/\/schema.org\/VideoObject\"  data-original_url='https:\/\/youtu.be\/Il4COrTCO94'><script type='text\/html' class='av-video-tmpl'><div class='avia-iframe-wrap'><iframe loading=\"lazy\" title=\"Mat\u00e9is chante Kim Wilde\" width=\"1500\" height=\"844\" src=\"https:\/\/www.youtube.com\/embed\/Il4COrTCO94?feature=oembed&autoplay=0&loop=0&controls=1&mute=0\" frameborder=\"0\" allow=\"accelerometer; autoplay; clipboard-write; encrypted-media; gyroscope; picture-in-picture\" allowfullscreen><\/iframe><\/div><\/script><div class='av-click-to-play-overlay'><div class=\"avia_playpause_icon\"><\/div><\/div><\/div><\/p><\/div>\n\n<style type=\"text\/css\" data-created_by=\"avia_inline_auto\" id=\"style-css-av-38b2ue-10b6a8d7855b5443bfc8091b5eb7e699\">\n.flex_column.av-38b2ue-10b6a8d7855b5443bfc8091b5eb7e699{\nborder-radius:0px 0px 0px 0px;\npadding:0px 0px 0px 0px;\n}\n<\/style>\n<div  class='flex_column av-38b2ue-10b6a8d7855b5443bfc8091b5eb7e699 av_one_half  avia-builder-el-20  el_after_av_one_half  avia-builder-el-last  flex_column_div av-zero-column-padding  column-top-margin'     ><p><div  class='avia-video av-kiuhjhe8-268da6939d040404ea9a9e36f7f303b7 avia-video-16-9 av-no-preview-image avia-video-load-always av-lazyload-immediate av-lazyload-video-embed'  itemprop=\"video\" itemtype=\"https:\/\/schema.org\/VideoObject\"  data-original_url='https:\/\/youtu.be\/qvA7UrD4_FA'><script type='text\/html' class='av-video-tmpl'><div class='avia-iframe-wrap'><iframe loading=\"lazy\" title=\"Alain et magic in the air mp4\" width=\"1500\" height=\"844\" src=\"https:\/\/www.youtube.com\/embed\/qvA7UrD4_FA?feature=oembed&autoplay=0&loop=0&controls=1&mute=0\" frameborder=\"0\" allow=\"accelerometer; autoplay; clipboard-write; encrypted-media; gyroscope; picture-in-picture\" allowfullscreen><\/iframe><\/div><\/script><div class='av-click-to-play-overlay'><div class=\"avia_playpause_icon\"><\/div><\/div><\/div><br \/>\n<div  class='avia-video av-kiuhjhe8-355cb64d8d10df731637d7706c9748b3 avia-video-16-9 av-no-preview-image avia-video-load-always av-lazyload-immediate av-lazyload-video-embed'  itemprop=\"video\" itemtype=\"https:\/\/schema.org\/VideoObject\"  data-original_url='https:\/\/youtu.be\/WI-7Wyc2Wck'><script type='text\/html' class='av-video-tmpl'><div class='avia-iframe-wrap'><iframe loading=\"lazy\" title=\"Patrick chante renaud\" width=\"1500\" height=\"844\" src=\"https:\/\/www.youtube.com\/embed\/WI-7Wyc2Wck?feature=oembed&autoplay=0&loop=0&controls=1&mute=0\" frameborder=\"0\" allow=\"accelerometer; autoplay; clipboard-write; encrypted-media; gyroscope; picture-in-picture\" allowfullscreen><\/iframe><\/div><\/script><div class='av-click-to-play-overlay'><div class=\"avia_playpause_icon\"><\/div><\/div><\/div><br \/>\n<div  class='avia-video av-kiuhjhe8-4909c2b9e0610e82767c6f0dddc7dca7 avia-video-16-9 av-no-preview-image avia-video-load-always av-lazyload-immediate av-lazyload-video-embed'  itemprop=\"video\" itemtype=\"https:\/\/schema.org\/VideoObject\"  data-original_url='https:\/\/youtu.be\/stGQlpzsItY'><script type='text\/html' class='av-video-tmpl'><div class='avia-iframe-wrap'><iframe loading=\"lazy\" title=\"Alain chante elvis\" width=\"1500\" height=\"844\" src=\"https:\/\/www.youtube.com\/embed\/stGQlpzsItY?feature=oembed&autoplay=0&loop=0&controls=1&mute=0\" frameborder=\"0\" allow=\"accelerometer; autoplay; clipboard-write; encrypted-media; gyroscope; picture-in-picture\" allowfullscreen><\/iframe><\/div><\/script><div class='av-click-to-play-overlay'><div class=\"avia_playpause_icon\"><\/div><\/div><\/div><\/p><\/div>\n","protected":false},"excerpt":{"rendered":"","protected":false},"author":1,"featured_media":2796,"comment_status":"closed","ping_status":"closed","sticky":false,"template":"","format":"standard","meta":{"footnotes":""},"categories":[21],"tags":[],"class_list":["post-2798","post","type-post","status-publish","format-standard","has-post-thumbnail","hentry","category-info-news"],"yoast_head":"<!-- This site is optimized with the Yoast SEO plugin v27.2 - https:\/\/yoast.com\/product\/yoast-seo-wordpress\/ -->\n<title>Program for the concerts 2021 - Camping Paradis Les \u00c9tangs de Plessac<\/title>\n<meta name=\"robots\" content=\"index, follow, max-snippet:-1, max-image-preview:large, max-video-preview:-1\" \/>\n<link rel=\"canonical\" href=\"https:\/\/campingdeplessac.fr\/en\/program-for-the-concerts-2021\/\" \/>\n<meta property=\"og:locale\" content=\"en_US\" \/>\n<meta property=\"og:type\" content=\"article\" \/>\n<meta property=\"og:title\" content=\"Program for the concerts 2021 - Camping Paradis Les \u00c9tangs de Plessac\" \/>\n<meta property=\"og:url\" content=\"https:\/\/campingdeplessac.fr\/en\/program-for-the-concerts-2021\/\" \/>\n<meta property=\"og:site_name\" content=\"Camping Paradis Les \u00c9tangs de Plessac\" \/>\n<meta property=\"article:published_time\" content=\"2020-12-18T15:41:26+00:00\" \/>\n<meta property=\"article:modified_time\" content=\"2020-12-24T08:54:19+00:00\" \/>\n<meta property=\"og:image\" content=\"https:\/\/campingdeplessac.fr\/wp-content\/uploads\/2020\/12\/infos-news-02.jpg\" \/>\n\t<meta property=\"og:image:width\" content=\"1200\" \/>\n\t<meta property=\"og:image:height\" content=\"800\" \/>\n\t<meta property=\"og:image:type\" content=\"image\/jpeg\" \/>\n<meta name=\"author\" content=\"Internet Dordogne\" \/>\n<meta name=\"twitter:card\" content=\"summary_large_image\" \/>\n<meta name=\"twitter:label1\" content=\"Written by\" \/>\n\t<meta name=\"twitter:data1\" content=\"Internet Dordogne\" \/>\n\t<meta name=\"twitter:label2\" content=\"Est. reading time\" \/>\n\t<meta name=\"twitter:data2\" content=\"8 minutes\" \/>\n<script type=\"application\/ld+json\" class=\"yoast-schema-graph\">{\"@context\":\"https:\/\/schema.org\",\"@graph\":[{\"@type\":\"Article\",\"@id\":\"https:\/\/campingdeplessac.fr\/en\/program-for-the-concerts-2021\/#article\",\"isPartOf\":{\"@id\":\"https:\/\/campingdeplessac.fr\/en\/program-for-the-concerts-2021\/\"},\"author\":{\"name\":\"Internet Dordogne\",\"@id\":\"https:\/\/campingdeplessac.fr\/#\/schema\/person\/c0e8a1187b2cada932cb6f676f755694\"},\"headline\":\"Program for the concerts 2021\",\"datePublished\":\"2020-12-18T15:41:26+00:00\",\"dateModified\":\"2020-12-24T08:54:19+00:00\",\"mainEntityOfPage\":{\"@id\":\"https:\/\/campingdeplessac.fr\/en\/program-for-the-concerts-2021\/\"},\"wordCount\":1216,\"publisher\":{\"@id\":\"https:\/\/campingdeplessac.fr\/#organization\"},\"image\":{\"@id\":\"https:\/\/campingdeplessac.fr\/en\/program-for-the-concerts-2021\/#primaryimage\"},\"thumbnailUrl\":\"https:\/\/campingdeplessac.fr\/wp-content\/uploads\/2020\/12\/infos-news-02.jpg\",\"articleSection\":[\"Info-News\"],\"inLanguage\":\"en-US\"},{\"@type\":\"WebPage\",\"@id\":\"https:\/\/campingdeplessac.fr\/en\/program-for-the-concerts-2021\/\",\"url\":\"https:\/\/campingdeplessac.fr\/en\/program-for-the-concerts-2021\/\",\"name\":\"Program for the concerts 2021 - Camping Paradis Les \u00c9tangs de Plessac\",\"isPartOf\":{\"@id\":\"https:\/\/campingdeplessac.fr\/#website\"},\"primaryImageOfPage\":{\"@id\":\"https:\/\/campingdeplessac.fr\/en\/program-for-the-concerts-2021\/#primaryimage\"},\"image\":{\"@id\":\"https:\/\/campingdeplessac.fr\/en\/program-for-the-concerts-2021\/#primaryimage\"},\"thumbnailUrl\":\"https:\/\/campingdeplessac.fr\/wp-content\/uploads\/2020\/12\/infos-news-02.jpg\",\"datePublished\":\"2020-12-18T15:41:26+00:00\",\"dateModified\":\"2020-12-24T08:54:19+00:00\",\"breadcrumb\":{\"@id\":\"https:\/\/campingdeplessac.fr\/en\/program-for-the-concerts-2021\/#breadcrumb\"},\"inLanguage\":\"en-US\",\"potentialAction\":[{\"@type\":\"ReadAction\",\"target\":[\"https:\/\/campingdeplessac.fr\/en\/program-for-the-concerts-2021\/\"]}]},{\"@type\":\"ImageObject\",\"inLanguage\":\"en-US\",\"@id\":\"https:\/\/campingdeplessac.fr\/en\/program-for-the-concerts-2021\/#primaryimage\",\"url\":\"https:\/\/campingdeplessac.fr\/wp-content\/uploads\/2020\/12\/infos-news-02.jpg\",\"contentUrl\":\"https:\/\/campingdeplessac.fr\/wp-content\/uploads\/2020\/12\/infos-news-02.jpg\",\"width\":1200,\"height\":800},{\"@type\":\"BreadcrumbList\",\"@id\":\"https:\/\/campingdeplessac.fr\/en\/program-for-the-concerts-2021\/#breadcrumb\",\"itemListElement\":[{\"@type\":\"ListItem\",\"position\":1,\"name\":\"Accueil\",\"item\":\"https:\/\/campingdeplessac.fr\/en\/\"},{\"@type\":\"ListItem\",\"position\":2,\"name\":\"Program for the concerts 2021\"}]},{\"@type\":\"WebSite\",\"@id\":\"https:\/\/campingdeplessac.fr\/#website\",\"url\":\"https:\/\/campingdeplessac.fr\/\",\"name\":\"Camping Paradis Les \u00c9tangs de Plessac\",\"description\":\"Camping en Dordogne P\u00e9rigord pr\u00e8s de Brant\u00f4me\",\"publisher\":{\"@id\":\"https:\/\/campingdeplessac.fr\/#organization\"},\"potentialAction\":[{\"@type\":\"SearchAction\",\"target\":{\"@type\":\"EntryPoint\",\"urlTemplate\":\"https:\/\/campingdeplessac.fr\/?s={search_term_string}\"},\"query-input\":{\"@type\":\"PropertyValueSpecification\",\"valueRequired\":true,\"valueName\":\"search_term_string\"}}],\"inLanguage\":\"en-US\"},{\"@type\":\"Organization\",\"@id\":\"https:\/\/campingdeplessac.fr\/#organization\",\"name\":\"Camping Paradis Les \u00c9tangs de Plessac\",\"url\":\"https:\/\/campingdeplessac.fr\/\",\"logo\":{\"@type\":\"ImageObject\",\"inLanguage\":\"en-US\",\"@id\":\"https:\/\/campingdeplessac.fr\/#\/schema\/logo\/image\/\",\"url\":\"https:\/\/campingdeplessac.fr\/wp-content\/uploads\/2020\/12\/logo-200x140px.png\",\"contentUrl\":\"https:\/\/campingdeplessac.fr\/wp-content\/uploads\/2020\/12\/logo-200x140px.png\",\"width\":200,\"height\":140,\"caption\":\"Camping Paradis Les \u00c9tangs de Plessac\"},\"image\":{\"@id\":\"https:\/\/campingdeplessac.fr\/#\/schema\/logo\/image\/\"}},{\"@type\":\"Person\",\"@id\":\"https:\/\/campingdeplessac.fr\/#\/schema\/person\/c0e8a1187b2cada932cb6f676f755694\",\"name\":\"Internet Dordogne\",\"image\":{\"@type\":\"ImageObject\",\"inLanguage\":\"en-US\",\"@id\":\"https:\/\/secure.gravatar.com\/avatar\/e53970fedbe62b075491a02adc3c5f3446a64e1524e89abab9214bf68abce7aa?s=96&d=mm&r=g\",\"url\":\"https:\/\/secure.gravatar.com\/avatar\/e53970fedbe62b075491a02adc3c5f3446a64e1524e89abab9214bf68abce7aa?s=96&d=mm&r=g\",\"contentUrl\":\"https:\/\/secure.gravatar.com\/avatar\/e53970fedbe62b075491a02adc3c5f3446a64e1524e89abab9214bf68abce7aa?s=96&d=mm&r=g\",\"caption\":\"Internet Dordogne\"},\"sameAs\":[\"https:\/\/campingdeplessac.fr\"],\"url\":\"https:\/\/campingdeplessac.fr\/en\/\"}]}<\/script>\n<!-- \/ Yoast SEO plugin. -->","yoast_head_json":{"title":"Program for the concerts 2021 - Camping Paradis Les \u00c9tangs de Plessac","robots":{"index":"index","follow":"follow","max-snippet":"max-snippet:-1","max-image-preview":"max-image-preview:large","max-video-preview":"max-video-preview:-1"},"canonical":"https:\/\/campingdeplessac.fr\/en\/program-for-the-concerts-2021\/","og_locale":"en_US","og_type":"article","og_title":"Program for the concerts 2021 - Camping Paradis Les \u00c9tangs de Plessac","og_url":"https:\/\/campingdeplessac.fr\/en\/program-for-the-concerts-2021\/","og_site_name":"Camping Paradis Les \u00c9tangs de Plessac","article_published_time":"2020-12-18T15:41:26+00:00","article_modified_time":"2020-12-24T08:54:19+00:00","og_image":[{"width":1200,"height":800,"url":"https:\/\/campingdeplessac.fr\/wp-content\/uploads\/2020\/12\/infos-news-02.jpg","type":"image\/jpeg"}],"author":"Internet Dordogne","twitter_card":"summary_large_image","twitter_misc":{"Written by":"Internet Dordogne","Est. reading time":"8 minutes"},"schema":{"@context":"https:\/\/schema.org","@graph":[{"@type":"Article","@id":"https:\/\/campingdeplessac.fr\/en\/program-for-the-concerts-2021\/#article","isPartOf":{"@id":"https:\/\/campingdeplessac.fr\/en\/program-for-the-concerts-2021\/"},"author":{"name":"Internet Dordogne","@id":"https:\/\/campingdeplessac.fr\/#\/schema\/person\/c0e8a1187b2cada932cb6f676f755694"},"headline":"Program for the concerts 2021","datePublished":"2020-12-18T15:41:26+00:00","dateModified":"2020-12-24T08:54:19+00:00","mainEntityOfPage":{"@id":"https:\/\/campingdeplessac.fr\/en\/program-for-the-concerts-2021\/"},"wordCount":1216,"publisher":{"@id":"https:\/\/campingdeplessac.fr\/#organization"},"image":{"@id":"https:\/\/campingdeplessac.fr\/en\/program-for-the-concerts-2021\/#primaryimage"},"thumbnailUrl":"https:\/\/campingdeplessac.fr\/wp-content\/uploads\/2020\/12\/infos-news-02.jpg","articleSection":["Info-News"],"inLanguage":"en-US"},{"@type":"WebPage","@id":"https:\/\/campingdeplessac.fr\/en\/program-for-the-concerts-2021\/","url":"https:\/\/campingdeplessac.fr\/en\/program-for-the-concerts-2021\/","name":"Program for the concerts 2021 - Camping Paradis Les \u00c9tangs de Plessac","isPartOf":{"@id":"https:\/\/campingdeplessac.fr\/#website"},"primaryImageOfPage":{"@id":"https:\/\/campingdeplessac.fr\/en\/program-for-the-concerts-2021\/#primaryimage"},"image":{"@id":"https:\/\/campingdeplessac.fr\/en\/program-for-the-concerts-2021\/#primaryimage"},"thumbnailUrl":"https:\/\/campingdeplessac.fr\/wp-content\/uploads\/2020\/12\/infos-news-02.jpg","datePublished":"2020-12-18T15:41:26+00:00","dateModified":"2020-12-24T08:54:19+00:00","breadcrumb":{"@id":"https:\/\/campingdeplessac.fr\/en\/program-for-the-concerts-2021\/#breadcrumb"},"inLanguage":"en-US","potentialAction":[{"@type":"ReadAction","target":["https:\/\/campingdeplessac.fr\/en\/program-for-the-concerts-2021\/"]}]},{"@type":"ImageObject","inLanguage":"en-US","@id":"https:\/\/campingdeplessac.fr\/en\/program-for-the-concerts-2021\/#primaryimage","url":"https:\/\/campingdeplessac.fr\/wp-content\/uploads\/2020\/12\/infos-news-02.jpg","contentUrl":"https:\/\/campingdeplessac.fr\/wp-content\/uploads\/2020\/12\/infos-news-02.jpg","width":1200,"height":800},{"@type":"BreadcrumbList","@id":"https:\/\/campingdeplessac.fr\/en\/program-for-the-concerts-2021\/#breadcrumb","itemListElement":[{"@type":"ListItem","position":1,"name":"Accueil","item":"https:\/\/campingdeplessac.fr\/en\/"},{"@type":"ListItem","position":2,"name":"Program for the concerts 2021"}]},{"@type":"WebSite","@id":"https:\/\/campingdeplessac.fr\/#website","url":"https:\/\/campingdeplessac.fr\/","name":"Camping Paradis Les \u00c9tangs de Plessac","description":"Camping en Dordogne P\u00e9rigord pr\u00e8s de Brant\u00f4me","publisher":{"@id":"https:\/\/campingdeplessac.fr\/#organization"},"potentialAction":[{"@type":"SearchAction","target":{"@type":"EntryPoint","urlTemplate":"https:\/\/campingdeplessac.fr\/?s={search_term_string}"},"query-input":{"@type":"PropertyValueSpecification","valueRequired":true,"valueName":"search_term_string"}}],"inLanguage":"en-US"},{"@type":"Organization","@id":"https:\/\/campingdeplessac.fr\/#organization","name":"Camping Paradis Les \u00c9tangs de Plessac","url":"https:\/\/campingdeplessac.fr\/","logo":{"@type":"ImageObject","inLanguage":"en-US","@id":"https:\/\/campingdeplessac.fr\/#\/schema\/logo\/image\/","url":"https:\/\/campingdeplessac.fr\/wp-content\/uploads\/2020\/12\/logo-200x140px.png","contentUrl":"https:\/\/campingdeplessac.fr\/wp-content\/uploads\/2020\/12\/logo-200x140px.png","width":200,"height":140,"caption":"Camping Paradis Les \u00c9tangs de Plessac"},"image":{"@id":"https:\/\/campingdeplessac.fr\/#\/schema\/logo\/image\/"}},{"@type":"Person","@id":"https:\/\/campingdeplessac.fr\/#\/schema\/person\/c0e8a1187b2cada932cb6f676f755694","name":"Internet Dordogne","image":{"@type":"ImageObject","inLanguage":"en-US","@id":"https:\/\/secure.gravatar.com\/avatar\/e53970fedbe62b075491a02adc3c5f3446a64e1524e89abab9214bf68abce7aa?s=96&d=mm&r=g","url":"https:\/\/secure.gravatar.com\/avatar\/e53970fedbe62b075491a02adc3c5f3446a64e1524e89abab9214bf68abce7aa?s=96&d=mm&r=g","contentUrl":"https:\/\/secure.gravatar.com\/avatar\/e53970fedbe62b075491a02adc3c5f3446a64e1524e89abab9214bf68abce7aa?s=96&d=mm&r=g","caption":"Internet Dordogne"},"sameAs":["https:\/\/campingdeplessac.fr"],"url":"https:\/\/campingdeplessac.fr\/en\/"}]}},"_links":{"self":[{"href":"https:\/\/campingdeplessac.fr\/en\/wp-json\/wp\/v2\/posts\/2798","targetHints":{"allow":["GET"]}}],"collection":[{"href":"https:\/\/campingdeplessac.fr\/en\/wp-json\/wp\/v2\/posts"}],"about":[{"href":"https:\/\/campingdeplessac.fr\/en\/wp-json\/wp\/v2\/types\/post"}],"author":[{"embeddable":true,"href":"https:\/\/campingdeplessac.fr\/en\/wp-json\/wp\/v2\/users\/1"}],"replies":[{"embeddable":true,"href":"https:\/\/campingdeplessac.fr\/en\/wp-json\/wp\/v2\/comments?post=2798"}],"version-history":[{"count":0,"href":"https:\/\/campingdeplessac.fr\/en\/wp-json\/wp\/v2\/posts\/2798\/revisions"}],"wp:featuredmedia":[{"embeddable":true,"href":"https:\/\/campingdeplessac.fr\/en\/wp-json\/wp\/v2\/media\/2796"}],"wp:attachment":[{"href":"https:\/\/campingdeplessac.fr\/en\/wp-json\/wp\/v2\/media?parent=2798"}],"wp:term":[{"taxonomy":"category","embeddable":true,"href":"https:\/\/campingdeplessac.fr\/en\/wp-json\/wp\/v2\/categories?post=2798"},{"taxonomy":"post_tag","embeddable":true,"href":"https:\/\/campingdeplessac.fr\/en\/wp-json\/wp\/v2\/tags?post=2798"}],"curies":[{"name":"wp","href":"https:\/\/api.w.org\/{rel}","templated":true}]}}